{"id":1,"date":"2021-12-10T16:16:43","date_gmt":"2021-12-10T19:16:43","guid":{"rendered":"http:\/\/velejar.net-br.net\/?p=1"},"modified":"2021-12-10T17:03:19","modified_gmt":"2021-12-10T20:03:19","slug":"cidade-de-cabedelo","status":"publish","type":"post","link":"https:\/\/velejar.org\/en\/noticias\/cidade-de-cabedelo\/1\/2021\/","title":{"rendered":"city of Cabedelo"},"content":{"rendered":"<p><\/p>\n\n\n\n<p>Cabedelo is a municipality in the Metropolitan Region of Jo\u00e3o Pessoa, in the state of Para\u00edba. It has an area of 29,873 square kilometers, with unique measures: 18 kilometers long by just three kilometers wide. Its population in 2021 was estimated by the Brazilian Institute of Geography and Statistics at 69,773 inhabitants. On Dutch maps from the 17th century, it appeared as an island because of the Jaguaribe and Mandacaru rivers. It is the largest, richest, most urbanized and main civilization in the peninsula within a radius of hundreds and hundreds of kilometers. Its geophysical age also diverges from neighboring municipalities, which tend to have older sedimentary plateaus and therefore divergent mean altitudes and climates.<\/p>\n\n\n\n<p>Currently, it is conurbated with the capital of Para\u00edba, Jo\u00e3o Pessoa, and serves as an extension of certain tertiary activities of the headquarters, such as tourism but also private higher education, etc. The CBTU urban trains and the Estrada de Cabedelo (BR-230) are the main connections between the two cities. It is the richest city in the state in terms of gross domestic product per capita, as it has a gross domestic product of over 2.2 billion reais according to updated 2007 data, that is, more than half of the economy of Campina Grande (another large city in state) in a much smaller area and with a much lower population. It has one of the largest proportional gross domestic products in the Northeast, comparable to cities like Ipojuca and Guamar\u00e9.<\/p>\n\n\n\n<p><\/p>\n\n\n\n<p>Source: <a href=\"https:\/\/pt.wikipedia.org\/wiki\/Cabedelo\" target=\"_blank\" rel=\"noreferrer noopener\">https:\/\/pt.wikipedia.org\/wiki\/Cabedelo<\/a><\/p>","protected":false},"excerpt":{"rendered":"<p>Cabedelo is a municipality in the Metropolitan Region of Jo\u00e3o Pessoa, in the state of Para\u00edba. It has an area of 29,873 square kilometers, with unique measures: 18 kilometers long by just three kilometers wide. Its population in 2021 was estimated by the Brazilian Institute of Geography and Statistics at 69,773 inhabitants. On 20th-century Dutch maps\u2026<\/p>","protected":false},"author":1,"featured_media":313,"comment_status":"open","ping_status":"open","sticky":false,"template":"","format":"standard","meta":{"footnotes":""},"categories":[1],"tags":[],"class_list":["post-1","post","type-post","status-publish","format-standard","has-post-thumbnail","hentry","category-noticias"],"yoast_head":"<!-- This site is optimized with the Yoast SEO plugin v27.5 - https:\/\/yoast.com\/product\/yoast-seo-wordpress\/ -->\n<title>Cidade de Cabedelo - Velejar<\/title>\n<meta name=\"robots\" content=\"index, follow, max-snippet:-1, max-image-preview:large, max-video-preview:-1\" \/>\n<link rel=\"canonical\" href=\"https:\/\/velejar.org\/en\/noticias\/cidade-de-cabedelo\/1\/2021\/\" \/>\n<meta property=\"og:locale\" content=\"en_US\" \/>\n<meta property=\"og:type\" content=\"article\" \/>\n<meta property=\"og:title\" content=\"Cidade de Cabedelo - Velejar\" \/>\n<meta property=\"og:description\" content=\"Cabedelo \u00e9 um munic\u00edpio da Regi\u00e3o Metropolitana de Jo\u00e3o Pessoa, no estado da Para\u00edba. Tem uma \u00e1rea de 29,873 quil\u00f4metros quadrados, com medidas singulares: 18 quil\u00f4metros de extens\u00e3o por apenas tr\u00eas quil\u00f4metros de largura. Sua popula\u00e7\u00e3o em 2021 foi estimada pelo Instituto Brasileiro de Geografia e Estat\u00edstica em 69.773 habitantes. Em mapas holandeses do s\u00e9culo&hellip;\" \/>\n<meta property=\"og:url\" content=\"https:\/\/velejar.org\/en\/noticias\/cidade-de-cabedelo\/1\/2021\/\" \/>\n<meta property=\"og:site_name\" content=\"Velejar\" \/>\n<meta property=\"article:published_time\" content=\"2021-12-10T19:16:43+00:00\" \/>\n<meta property=\"article:modified_time\" content=\"2021-12-10T20:03:19+00:00\" \/>\n<meta property=\"og:image\" content=\"https:\/\/velejar.org\/wp-content\/uploads\/2021\/12\/cabedelo-brasao-logo.jpg\" \/>\n\t<meta property=\"og:image:width\" content=\"363\" \/>\n\t<meta property=\"og:image:height\" content=\"400\" \/>\n\t<meta property=\"og:image:type\" content=\"image\/jpeg\" \/>\n<meta name=\"author\" content=\"admvelej\" \/>\n<meta name=\"twitter:card\" content=\"summary_large_image\" \/>\n<meta name=\"twitter:label1\" content=\"Written by\" \/>\n\t<meta name=\"twitter:data1\" content=\"admvelej\" \/>\n\t<meta name=\"twitter:label2\" content=\"Est. reading time\" \/>\n\t<meta name=\"twitter:data2\" content=\"1 minute\" \/>\n<script type=\"application\/ld+json\" class=\"yoast-schema-graph\">{\"@context\":\"https:\\\/\\\/schema.org\",\"@graph\":[{\"@type\":\"Article\",\"@id\":\"https:\\\/\\\/velejar.org\\\/noticias\\\/cidade-de-cabedelo\\\/1\\\/2021\\\/#article\",\"isPartOf\":{\"@id\":\"https:\\\/\\\/velejar.org\\\/noticias\\\/cidade-de-cabedelo\\\/1\\\/2021\\\/\"},\"author\":{\"name\":\"admvelej\",\"@id\":\"https:\\\/\\\/velejar.org\\\/#\\\/schema\\\/person\\\/4affd8aff08f6b52366c8ea93c1eccd3\"},\"headline\":\"Cidade de Cabedelo\",\"datePublished\":\"2021-12-10T19:16:43+00:00\",\"dateModified\":\"2021-12-10T20:03:19+00:00\",\"mainEntityOfPage\":{\"@id\":\"https:\\\/\\\/velejar.org\\\/noticias\\\/cidade-de-cabedelo\\\/1\\\/2021\\\/\"},\"wordCount\":261,\"commentCount\":0,\"publisher\":{\"@id\":\"https:\\\/\\\/velejar.org\\\/#organization\"},\"image\":{\"@id\":\"https:\\\/\\\/velejar.org\\\/noticias\\\/cidade-de-cabedelo\\\/1\\\/2021\\\/#primaryimage\"},\"thumbnailUrl\":\"https:\\\/\\\/velejar.org\\\/wp-content\\\/uploads\\\/2021\\\/12\\\/cabedelo-brasao-logo.jpg\",\"articleSection\":[\"Not\u00edcias\"],\"inLanguage\":\"en-US\",\"potentialAction\":[{\"@type\":\"CommentAction\",\"name\":\"Comment\",\"target\":[\"https:\\\/\\\/velejar.org\\\/noticias\\\/cidade-de-cabedelo\\\/1\\\/2021\\\/#respond\"]}]},{\"@type\":\"WebPage\",\"@id\":\"https:\\\/\\\/velejar.org\\\/noticias\\\/cidade-de-cabedelo\\\/1\\\/2021\\\/\",\"url\":\"https:\\\/\\\/velejar.org\\\/noticias\\\/cidade-de-cabedelo\\\/1\\\/2021\\\/\",\"name\":\"Cidade de Cabedelo - Velejar\",\"isPartOf\":{\"@id\":\"https:\\\/\\\/velejar.org\\\/#website\"},\"primaryImageOfPage\":{\"@id\":\"https:\\\/\\\/velejar.org\\\/noticias\\\/cidade-de-cabedelo\\\/1\\\/2021\\\/#primaryimage\"},\"image\":{\"@id\":\"https:\\\/\\\/velejar.org\\\/noticias\\\/cidade-de-cabedelo\\\/1\\\/2021\\\/#primaryimage\"},\"thumbnailUrl\":\"https:\\\/\\\/velejar.org\\\/wp-content\\\/uploads\\\/2021\\\/12\\\/cabedelo-brasao-logo.jpg\",\"datePublished\":\"2021-12-10T19:16:43+00:00\",\"dateModified\":\"2021-12-10T20:03:19+00:00\",\"breadcrumb\":{\"@id\":\"https:\\\/\\\/velejar.org\\\/noticias\\\/cidade-de-cabedelo\\\/1\\\/2021\\\/#breadcrumb\"},\"inLanguage\":\"en-US\",\"potentialAction\":[{\"@type\":\"ReadAction\",\"target\":[\"https:\\\/\\\/velejar.org\\\/noticias\\\/cidade-de-cabedelo\\\/1\\\/2021\\\/\"]}]},{\"@type\":\"ImageObject\",\"inLanguage\":\"en-US\",\"@id\":\"https:\\\/\\\/velejar.org\\\/noticias\\\/cidade-de-cabedelo\\\/1\\\/2021\\\/#primaryimage\",\"url\":\"https:\\\/\\\/velejar.org\\\/wp-content\\\/uploads\\\/2021\\\/12\\\/cabedelo-brasao-logo.jpg\",\"contentUrl\":\"https:\\\/\\\/velejar.org\\\/wp-content\\\/uploads\\\/2021\\\/12\\\/cabedelo-brasao-logo.jpg\",\"width\":363,\"height\":400},{\"@type\":\"BreadcrumbList\",\"@id\":\"https:\\\/\\\/velejar.org\\\/noticias\\\/cidade-de-cabedelo\\\/1\\\/2021\\\/#breadcrumb\",\"itemListElement\":[{\"@type\":\"ListItem\",\"position\":1,\"name\":\"In\u00edcio\",\"item\":\"https:\\\/\\\/velejar.org\\\/\"},{\"@type\":\"ListItem\",\"position\":2,\"name\":\"Cidade de Cabedelo\"}]},{\"@type\":\"WebSite\",\"@id\":\"https:\\\/\\\/velejar.org\\\/#website\",\"url\":\"https:\\\/\\\/velejar.org\\\/\",\"name\":\"Velejar\",\"description\":\"Campeonato de Embarca\u00e7\u00f5es a Vela\",\"publisher\":{\"@id\":\"https:\\\/\\\/velejar.org\\\/#organization\"},\"potentialAction\":[{\"@type\":\"SearchAction\",\"target\":{\"@type\":\"EntryPoint\",\"urlTemplate\":\"https:\\\/\\\/velejar.org\\\/?s={search_term_string}\"},\"query-input\":{\"@type\":\"PropertyValueSpecification\",\"valueRequired\":true,\"valueName\":\"search_term_string\"}}],\"inLanguage\":\"en-US\"},{\"@type\":\"Organization\",\"@id\":\"https:\\\/\\\/velejar.org\\\/#organization\",\"name\":\"Projeto Velejar\",\"url\":\"https:\\\/\\\/velejar.org\\\/\",\"logo\":{\"@type\":\"ImageObject\",\"inLanguage\":\"en-US\",\"@id\":\"https:\\\/\\\/velejar.org\\\/#\\\/schema\\\/logo\\\/image\\\/\",\"url\":\"https:\\\/\\\/velejar.net-br.net\\\/wp-content\\\/uploads\\\/2021\\\/12\\\/velejar-projeto-ico.jpg\",\"contentUrl\":\"https:\\\/\\\/velejar.net-br.net\\\/wp-content\\\/uploads\\\/2021\\\/12\\\/velejar-projeto-ico.jpg\",\"width\":143,\"height\":146,\"caption\":\"Projeto Velejar\"},\"image\":{\"@id\":\"https:\\\/\\\/velejar.org\\\/#\\\/schema\\\/logo\\\/image\\\/\"}},{\"@type\":\"Person\",\"@id\":\"https:\\\/\\\/velejar.org\\\/#\\\/schema\\\/person\\\/4affd8aff08f6b52366c8ea93c1eccd3\",\"name\":\"admvelej\",\"image\":{\"@type\":\"ImageObject\",\"inLanguage\":\"en-US\",\"@id\":\"https:\\\/\\\/secure.gravatar.com\\\/avatar\\\/2a7a2ec460e6a5e11d9e0c761f6bd6291dbfe71976e59a3ecb561f31c840e6de?s=96&d=mm&r=g\",\"url\":\"https:\\\/\\\/secure.gravatar.com\\\/avatar\\\/2a7a2ec460e6a5e11d9e0c761f6bd6291dbfe71976e59a3ecb561f31c840e6de?s=96&d=mm&r=g\",\"contentUrl\":\"https:\\\/\\\/secure.gravatar.com\\\/avatar\\\/2a7a2ec460e6a5e11d9e0c761f6bd6291dbfe71976e59a3ecb561f31c840e6de?s=96&d=mm&r=g\",\"caption\":\"admvelej\"},\"sameAs\":[\"http:\\\/\\\/velejar.net-br.net\"],\"url\":\"https:\\\/\\\/velejar.org\\\/en\\\/author\\\/admvelej\\\/\"}]}<\/script>\n<!-- \/ Yoast SEO plugin. -->","yoast_head_json":{"title":"City of Cabedelo - Sailing","robots":{"index":"index","follow":"follow","max-snippet":"max-snippet:-1","max-image-preview":"max-image-preview:large","max-video-preview":"max-video-preview:-1"},"canonical":"https:\/\/velejar.org\/en\/noticias\/cidade-de-cabedelo\/1\/2021\/","og_locale":"en_US","og_type":"article","og_title":"Cidade de Cabedelo - Velejar","og_description":"Cabedelo \u00e9 um munic\u00edpio da Regi\u00e3o Metropolitana de Jo\u00e3o Pessoa, no estado da Para\u00edba. Tem uma \u00e1rea de 29,873 quil\u00f4metros quadrados, com medidas singulares: 18 quil\u00f4metros de extens\u00e3o por apenas tr\u00eas quil\u00f4metros de largura. Sua popula\u00e7\u00e3o em 2021 foi estimada pelo Instituto Brasileiro de Geografia e Estat\u00edstica em 69.773 habitantes. Em mapas holandeses do s\u00e9culo&hellip;","og_url":"https:\/\/velejar.org\/en\/noticias\/cidade-de-cabedelo\/1\/2021\/","og_site_name":"Velejar","article_published_time":"2021-12-10T19:16:43+00:00","article_modified_time":"2021-12-10T20:03:19+00:00","og_image":[{"width":363,"height":400,"url":"https:\/\/velejar.org\/wp-content\/uploads\/2021\/12\/cabedelo-brasao-logo.jpg","type":"image\/jpeg"}],"author":"admvelej","twitter_card":"summary_large_image","twitter_misc":{"Written by":"admvelej","Est. reading time":"1 minute"},"schema":{"@context":"https:\/\/schema.org","@graph":[{"@type":"Article","@id":"https:\/\/velejar.org\/noticias\/cidade-de-cabedelo\/1\/2021\/#article","isPartOf":{"@id":"https:\/\/velejar.org\/noticias\/cidade-de-cabedelo\/1\/2021\/"},"author":{"name":"admvelej","@id":"https:\/\/velejar.org\/#\/schema\/person\/4affd8aff08f6b52366c8ea93c1eccd3"},"headline":"Cidade de Cabedelo","datePublished":"2021-12-10T19:16:43+00:00","dateModified":"2021-12-10T20:03:19+00:00","mainEntityOfPage":{"@id":"https:\/\/velejar.org\/noticias\/cidade-de-cabedelo\/1\/2021\/"},"wordCount":261,"commentCount":0,"publisher":{"@id":"https:\/\/velejar.org\/#organization"},"image":{"@id":"https:\/\/velejar.org\/noticias\/cidade-de-cabedelo\/1\/2021\/#primaryimage"},"thumbnailUrl":"https:\/\/velejar.org\/wp-content\/uploads\/2021\/12\/cabedelo-brasao-logo.jpg","articleSection":["Not\u00edcias"],"inLanguage":"en-US","potentialAction":[{"@type":"CommentAction","name":"Comment","target":["https:\/\/velejar.org\/noticias\/cidade-de-cabedelo\/1\/2021\/#respond"]}]},{"@type":"WebPage","@id":"https:\/\/velejar.org\/noticias\/cidade-de-cabedelo\/1\/2021\/","url":"https:\/\/velejar.org\/noticias\/cidade-de-cabedelo\/1\/2021\/","name":"City of Cabedelo - Sailing","isPartOf":{"@id":"https:\/\/velejar.org\/#website"},"primaryImageOfPage":{"@id":"https:\/\/velejar.org\/noticias\/cidade-de-cabedelo\/1\/2021\/#primaryimage"},"image":{"@id":"https:\/\/velejar.org\/noticias\/cidade-de-cabedelo\/1\/2021\/#primaryimage"},"thumbnailUrl":"https:\/\/velejar.org\/wp-content\/uploads\/2021\/12\/cabedelo-brasao-logo.jpg","datePublished":"2021-12-10T19:16:43+00:00","dateModified":"2021-12-10T20:03:19+00:00","breadcrumb":{"@id":"https:\/\/velejar.org\/noticias\/cidade-de-cabedelo\/1\/2021\/#breadcrumb"},"inLanguage":"en-US","potentialAction":[{"@type":"ReadAction","target":["https:\/\/velejar.org\/noticias\/cidade-de-cabedelo\/1\/2021\/"]}]},{"@type":"ImageObject","inLanguage":"en-US","@id":"https:\/\/velejar.org\/noticias\/cidade-de-cabedelo\/1\/2021\/#primaryimage","url":"https:\/\/velejar.org\/wp-content\/uploads\/2021\/12\/cabedelo-brasao-logo.jpg","contentUrl":"https:\/\/velejar.org\/wp-content\/uploads\/2021\/12\/cabedelo-brasao-logo.jpg","width":363,"height":400},{"@type":"BreadcrumbList","@id":"https:\/\/velejar.org\/noticias\/cidade-de-cabedelo\/1\/2021\/#breadcrumb","itemListElement":[{"@type":"ListItem","position":1,"name":"In\u00edcio","item":"https:\/\/velejar.org\/"},{"@type":"ListItem","position":2,"name":"Cidade de Cabedelo"}]},{"@type":"WebSite","@id":"https:\/\/velejar.org\/#website","url":"https:\/\/velejar.org\/","name":"sail","description":"Sailing Vessel Championship","publisher":{"@id":"https:\/\/velejar.org\/#organization"},"potentialAction":[{"@type":"SearchAction","target":{"@type":"EntryPoint","urlTemplate":"https:\/\/velejar.org\/?s={search_term_string}"},"query-input":{"@type":"PropertyValueSpecification","valueRequired":true,"valueName":"search_term_string"}}],"inLanguage":"en-US"},{"@type":"Organization","@id":"https:\/\/velejar.org\/#organization","name":"Sailing Project","url":"https:\/\/velejar.org\/","logo":{"@type":"ImageObject","inLanguage":"en-US","@id":"https:\/\/velejar.org\/#\/schema\/logo\/image\/","url":"https:\/\/velejar.net-br.net\/wp-content\/uploads\/2021\/12\/velejar-projeto-ico.jpg","contentUrl":"https:\/\/velejar.net-br.net\/wp-content\/uploads\/2021\/12\/velejar-projeto-ico.jpg","width":143,"height":146,"caption":"Projeto Velejar"},"image":{"@id":"https:\/\/velejar.org\/#\/schema\/logo\/image\/"}},{"@type":"Person","@id":"https:\/\/velejar.org\/#\/schema\/person\/4affd8aff08f6b52366c8ea93c1eccd3","name":"admvelej","image":{"@type":"ImageObject","inLanguage":"en-US","@id":"https:\/\/secure.gravatar.com\/avatar\/2a7a2ec460e6a5e11d9e0c761f6bd6291dbfe71976e59a3ecb561f31c840e6de?s=96&d=mm&r=g","url":"https:\/\/secure.gravatar.com\/avatar\/2a7a2ec460e6a5e11d9e0c761f6bd6291dbfe71976e59a3ecb561f31c840e6de?s=96&d=mm&r=g","contentUrl":"https:\/\/secure.gravatar.com\/avatar\/2a7a2ec460e6a5e11d9e0c761f6bd6291dbfe71976e59a3ecb561f31c840e6de?s=96&d=mm&r=g","caption":"admvelej"},"sameAs":["http:\/\/velejar.net-br.net"],"url":"https:\/\/velejar.org\/en\/author\/admvelej\/"}]}},"_links":{"self":[{"href":"https:\/\/velejar.org\/en\/wp-json\/wp\/v2\/posts\/1","targetHints":{"allow":["GET"]}}],"collection":[{"href":"https:\/\/velejar.org\/en\/wp-json\/wp\/v2\/posts"}],"about":[{"href":"https:\/\/velejar.org\/en\/wp-json\/wp\/v2\/types\/post"}],"author":[{"embeddable":true,"href":"https:\/\/velejar.org\/en\/wp-json\/wp\/v2\/users\/1"}],"replies":[{"embeddable":true,"href":"https:\/\/velejar.org\/en\/wp-json\/wp\/v2\/comments?post=1"}],"version-history":[{"count":1,"href":"https:\/\/velejar.org\/en\/wp-json\/wp\/v2\/posts\/1\/revisions"}],"predecessor-version":[{"id":312,"href":"https:\/\/velejar.org\/en\/wp-json\/wp\/v2\/posts\/1\/revisions\/312"}],"wp:featuredmedia":[{"embeddable":true,"href":"https:\/\/velejar.org\/en\/wp-json\/wp\/v2\/media\/313"}],"wp:attachment":[{"href":"https:\/\/velejar.org\/en\/wp-json\/wp\/v2\/media?parent=1"}],"wp:term":[{"taxonomy":"category","embeddable":true,"href":"https:\/\/velejar.org\/en\/wp-json\/wp\/v2\/categories?post=1"},{"taxonomy":"post_tag","embeddable":true,"href":"https:\/\/velejar.org\/en\/wp-json\/wp\/v2\/tags?post=1"}],"curies":[{"name":"wp","href":"https:\/\/api.w.org\/{rel}","templated":true}]}}