{"id":445,"date":"2021-12-19T10:04:27","date_gmt":"2021-12-19T13:04:27","guid":{"rendered":"https:\/\/velejar.net-br.net\/?p=445"},"modified":"2021-12-22T11:58:34","modified_gmt":"2021-12-22T14:58:34","slug":"etapa-1-videos-resgates","status":"publish","type":"post","link":"https:\/\/velejar.org\/en\/videos\/etapa-1-videos-resgates\/445\/2021\/","title":{"rendered":"Stage - 0 - Rescue Videos"},"content":{"rendered":"<p>Videos of rescue activities during the first stage of the Velejar Project at Ponta de Matos Beach in the Municipality of Cabedelo.<\/p>\n\n\n\n<figure class=\"wp-block-video\"><video height=\"352\" style=\"aspect-ratio: 640 \/ 352;\" width=\"640\" controls src=\"https:\/\/velejar.net-br.net\/wp-content\/uploads\/2021\/12\/1-velejar-video-etapa-1-dezembro-2021.mp4\"><\/video><\/figure>\n\n\n\n<figure class=\"wp-block-video\"><\/figure>\n\n\n\n<figure class=\"wp-block-gallery columns-3 is-cropped wp-block-gallery-1 is-layout-flex wp-block-gallery-is-layout-flex\"><ul class=\"blocks-gallery-grid\"><li class=\"blocks-gallery-item\"><figure><img fetchpriority=\"high\" decoding=\"async\" width=\"1024\" height=\"768\" src=\"https:\/\/velejar.net-br.net\/wp-content\/uploads\/2021\/12\/1-salve-velejar-etapa-1-dezembro-2021-1024x768.jpeg\" alt=\"\" data-id=\"447\" data-full-url=\"https:\/\/velejar.net-br.net\/wp-content\/uploads\/2021\/12\/1-salve-velejar-etapa-1-dezembro-2021.jpeg\" data-link=\"https:\/\/velejar.net-br.net\/?attachment_id=447\" class=\"wp-image-447\" srcset=\"https:\/\/velejar.org\/wp-content\/uploads\/2021\/12\/1-salve-velejar-etapa-1-dezembro-2021-1024x768.jpeg 1024w, https:\/\/velejar.org\/wp-content\/uploads\/2021\/12\/1-salve-velejar-etapa-1-dezembro-2021-300x225.jpeg 300w, https:\/\/velejar.org\/wp-content\/uploads\/2021\/12\/1-salve-velejar-etapa-1-dezembro-2021-768x576.jpeg 768w, https:\/\/velejar.org\/wp-content\/uploads\/2021\/12\/1-salve-velejar-etapa-1-dezembro-2021-160x120.jpeg 160w, https:\/\/velejar.org\/wp-content\/uploads\/2021\/12\/1-salve-velejar-etapa-1-dezembro-2021.jpeg 1416w\" sizes=\"(max-width: 1024px) 100vw, 1024px\" \/><\/figure><\/li><li class=\"blocks-gallery-item\"><figure><img decoding=\"async\" width=\"768\" height=\"1024\" src=\"https:\/\/velejar.net-br.net\/wp-content\/uploads\/2021\/12\/2-salve-velejar-etapa-1-dezembro-2021-768x1024.jpeg\" alt=\"\" data-id=\"448\" data-full-url=\"https:\/\/velejar.net-br.net\/wp-content\/uploads\/2021\/12\/2-salve-velejar-etapa-1-dezembro-2021.jpeg\" data-link=\"https:\/\/velejar.net-br.net\/?attachment_id=448\" class=\"wp-image-448\" srcset=\"https:\/\/velejar.org\/wp-content\/uploads\/2021\/12\/2-salve-velejar-etapa-1-dezembro-2021-768x1024.jpeg 768w, https:\/\/velejar.org\/wp-content\/uploads\/2021\/12\/2-salve-velejar-etapa-1-dezembro-2021-225x300.jpeg 225w, https:\/\/velejar.org\/wp-content\/uploads\/2021\/12\/2-salve-velejar-etapa-1-dezembro-2021.jpeg 1062w\" sizes=\"(max-width: 768px) 100vw, 768px\" \/><\/figure><\/li><li class=\"blocks-gallery-item\"><figure><img decoding=\"async\" width=\"1024\" height=\"768\" src=\"https:\/\/velejar.net-br.net\/wp-content\/uploads\/2021\/12\/3-salve-velejar-etapa-1-dezembro-2021-1024x768.jpeg\" alt=\"\" data-id=\"449\" data-full-url=\"https:\/\/velejar.net-br.net\/wp-content\/uploads\/2021\/12\/3-salve-velejar-etapa-1-dezembro-2021.jpeg\" data-link=\"https:\/\/velejar.net-br.net\/?attachment_id=449\" class=\"wp-image-449\" srcset=\"https:\/\/velejar.org\/wp-content\/uploads\/2021\/12\/3-salve-velejar-etapa-1-dezembro-2021-1024x768.jpeg 1024w, https:\/\/velejar.org\/wp-content\/uploads\/2021\/12\/3-salve-velejar-etapa-1-dezembro-2021-300x225.jpeg 300w, https:\/\/velejar.org\/wp-content\/uploads\/2021\/12\/3-salve-velejar-etapa-1-dezembro-2021-768x576.jpeg 768w, https:\/\/velejar.org\/wp-content\/uploads\/2021\/12\/3-salve-velejar-etapa-1-dezembro-2021-160x120.jpeg 160w, https:\/\/velejar.org\/wp-content\/uploads\/2021\/12\/3-salve-velejar-etapa-1-dezembro-2021.jpeg 1416w\" sizes=\"(max-width: 1024px) 100vw, 1024px\" \/><\/figure><\/li><\/ul><\/figure>","protected":false},"excerpt":{"rendered":"<p>Videos of rescue activities during the first stage of the Velejar Project at Ponta de Matos Beach in the Municipality of Cabedelo.<\/p>","protected":false},"author":1,"featured_media":448,"comment_status":"open","ping_status":"open","sticky":false,"template":"","format":"standard","meta":{"footnotes":""},"categories":[15],"tags":[],"class_list":["post-445","post","type-post","status-publish","format-standard","has-post-thumbnail","hentry","category-videos"],"yoast_head":"<!-- This site is optimized with the Yoast SEO plugin v27.4 - https:\/\/yoast.com\/product\/yoast-seo-wordpress\/ -->\n<title>Etapa - 0 - V\u00eddeos Resgates - Velejar<\/title>\n<meta name=\"robots\" content=\"index, follow, max-snippet:-1, max-image-preview:large, max-video-preview:-1\" \/>\n<link rel=\"canonical\" href=\"https:\/\/velejar.org\/en\/videos\/etapa-1-videos-resgates\/445\/2021\/\" \/>\n<meta property=\"og:locale\" content=\"en_US\" \/>\n<meta property=\"og:type\" content=\"article\" \/>\n<meta property=\"og:title\" content=\"Etapa - 0 - V\u00eddeos Resgates - Velejar\" \/>\n<meta property=\"og:description\" content=\"V\u00eddeos de atividade de resgate durante a realiza\u00e7\u00e3o da primeira etapa do Projeto Velejar na Praia de Ponta de Matos no Mun\u00edcipio de Cabedelo.\" \/>\n<meta property=\"og:url\" content=\"https:\/\/velejar.org\/en\/videos\/etapa-1-videos-resgates\/445\/2021\/\" \/>\n<meta property=\"og:site_name\" content=\"Velejar\" \/>\n<meta property=\"article:published_time\" content=\"2021-12-19T13:04:27+00:00\" \/>\n<meta property=\"article:modified_time\" content=\"2021-12-22T14:58:34+00:00\" \/>\n<meta property=\"og:image\" content=\"https:\/\/velejar.org\/wp-content\/uploads\/2021\/12\/2-salve-velejar-etapa-1-dezembro-2021.jpeg\" \/>\n\t<meta property=\"og:image:width\" content=\"1062\" \/>\n\t<meta property=\"og:image:height\" content=\"1416\" \/>\n\t<meta property=\"og:image:type\" content=\"image\/jpeg\" \/>\n<meta name=\"author\" content=\"admvelej\" \/>\n<meta name=\"twitter:card\" content=\"summary_large_image\" \/>\n<meta name=\"twitter:label1\" content=\"Written by\" \/>\n\t<meta name=\"twitter:data1\" content=\"admvelej\" \/>\n<script type=\"application\/ld+json\" class=\"yoast-schema-graph\">{\"@context\":\"https:\\\/\\\/schema.org\",\"@graph\":[{\"@type\":\"Article\",\"@id\":\"https:\\\/\\\/velejar.org\\\/videos\\\/etapa-1-videos-resgates\\\/445\\\/2021\\\/#article\",\"isPartOf\":{\"@id\":\"https:\\\/\\\/velejar.org\\\/videos\\\/etapa-1-videos-resgates\\\/445\\\/2021\\\/\"},\"author\":{\"name\":\"admvelej\",\"@id\":\"https:\\\/\\\/velejar.org\\\/#\\\/schema\\\/person\\\/4affd8aff08f6b52366c8ea93c1eccd3\"},\"headline\":\"Etapa &#8211; 0 &#8211; V\u00eddeos Resgates\",\"datePublished\":\"2021-12-19T13:04:27+00:00\",\"dateModified\":\"2021-12-22T14:58:34+00:00\",\"mainEntityOfPage\":{\"@id\":\"https:\\\/\\\/velejar.org\\\/videos\\\/etapa-1-videos-resgates\\\/445\\\/2021\\\/\"},\"wordCount\":33,\"commentCount\":0,\"publisher\":{\"@id\":\"https:\\\/\\\/velejar.org\\\/#organization\"},\"image\":{\"@id\":\"https:\\\/\\\/velejar.org\\\/videos\\\/etapa-1-videos-resgates\\\/445\\\/2021\\\/#primaryimage\"},\"thumbnailUrl\":\"https:\\\/\\\/velejar.org\\\/wp-content\\\/uploads\\\/2021\\\/12\\\/2-salve-velejar-etapa-1-dezembro-2021.jpeg\",\"articleSection\":[\"V\u00eddeos\"],\"inLanguage\":\"en-US\",\"potentialAction\":[{\"@type\":\"CommentAction\",\"name\":\"Comment\",\"target\":[\"https:\\\/\\\/velejar.org\\\/videos\\\/etapa-1-videos-resgates\\\/445\\\/2021\\\/#respond\"]}]},{\"@type\":\"WebPage\",\"@id\":\"https:\\\/\\\/velejar.org\\\/videos\\\/etapa-1-videos-resgates\\\/445\\\/2021\\\/\",\"url\":\"https:\\\/\\\/velejar.org\\\/videos\\\/etapa-1-videos-resgates\\\/445\\\/2021\\\/\",\"name\":\"Etapa - 0 - V\u00eddeos Resgates - Velejar\",\"isPartOf\":{\"@id\":\"https:\\\/\\\/velejar.org\\\/#website\"},\"primaryImageOfPage\":{\"@id\":\"https:\\\/\\\/velejar.org\\\/videos\\\/etapa-1-videos-resgates\\\/445\\\/2021\\\/#primaryimage\"},\"image\":{\"@id\":\"https:\\\/\\\/velejar.org\\\/videos\\\/etapa-1-videos-resgates\\\/445\\\/2021\\\/#primaryimage\"},\"thumbnailUrl\":\"https:\\\/\\\/velejar.org\\\/wp-content\\\/uploads\\\/2021\\\/12\\\/2-salve-velejar-etapa-1-dezembro-2021.jpeg\",\"datePublished\":\"2021-12-19T13:04:27+00:00\",\"dateModified\":\"2021-12-22T14:58:34+00:00\",\"breadcrumb\":{\"@id\":\"https:\\\/\\\/velejar.org\\\/videos\\\/etapa-1-videos-resgates\\\/445\\\/2021\\\/#breadcrumb\"},\"inLanguage\":\"en-US\",\"potentialAction\":[{\"@type\":\"ReadAction\",\"target\":[\"https:\\\/\\\/velejar.org\\\/videos\\\/etapa-1-videos-resgates\\\/445\\\/2021\\\/\"]}]},{\"@type\":\"ImageObject\",\"inLanguage\":\"en-US\",\"@id\":\"https:\\\/\\\/velejar.org\\\/videos\\\/etapa-1-videos-resgates\\\/445\\\/2021\\\/#primaryimage\",\"url\":\"https:\\\/\\\/velejar.org\\\/wp-content\\\/uploads\\\/2021\\\/12\\\/2-salve-velejar-etapa-1-dezembro-2021.jpeg\",\"contentUrl\":\"https:\\\/\\\/velejar.org\\\/wp-content\\\/uploads\\\/2021\\\/12\\\/2-salve-velejar-etapa-1-dezembro-2021.jpeg\",\"width\":1062,\"height\":1416},{\"@type\":\"BreadcrumbList\",\"@id\":\"https:\\\/\\\/velejar.org\\\/videos\\\/etapa-1-videos-resgates\\\/445\\\/2021\\\/#breadcrumb\",\"itemListElement\":[{\"@type\":\"ListItem\",\"position\":1,\"name\":\"In\u00edcio\",\"item\":\"https:\\\/\\\/velejar.org\\\/\"},{\"@type\":\"ListItem\",\"position\":2,\"name\":\"Etapa &#8211; 0 &#8211; V\u00eddeos Resgates\"}]},{\"@type\":\"WebSite\",\"@id\":\"https:\\\/\\\/velejar.org\\\/#website\",\"url\":\"https:\\\/\\\/velejar.org\\\/\",\"name\":\"Velejar\",\"description\":\"Campeonato de Embarca\u00e7\u00f5es a Vela\",\"publisher\":{\"@id\":\"https:\\\/\\\/velejar.org\\\/#organization\"},\"potentialAction\":[{\"@type\":\"SearchAction\",\"target\":{\"@type\":\"EntryPoint\",\"urlTemplate\":\"https:\\\/\\\/velejar.org\\\/?s={search_term_string}\"},\"query-input\":{\"@type\":\"PropertyValueSpecification\",\"valueRequired\":true,\"valueName\":\"search_term_string\"}}],\"inLanguage\":\"en-US\"},{\"@type\":\"Organization\",\"@id\":\"https:\\\/\\\/velejar.org\\\/#organization\",\"name\":\"Projeto Velejar\",\"url\":\"https:\\\/\\\/velejar.org\\\/\",\"logo\":{\"@type\":\"ImageObject\",\"inLanguage\":\"en-US\",\"@id\":\"https:\\\/\\\/velejar.org\\\/#\\\/schema\\\/logo\\\/image\\\/\",\"url\":\"https:\\\/\\\/velejar.net-br.net\\\/wp-content\\\/uploads\\\/2021\\\/12\\\/velejar-projeto-ico.jpg\",\"contentUrl\":\"https:\\\/\\\/velejar.net-br.net\\\/wp-content\\\/uploads\\\/2021\\\/12\\\/velejar-projeto-ico.jpg\",\"width\":143,\"height\":146,\"caption\":\"Projeto Velejar\"},\"image\":{\"@id\":\"https:\\\/\\\/velejar.org\\\/#\\\/schema\\\/logo\\\/image\\\/\"}},{\"@type\":\"Person\",\"@id\":\"https:\\\/\\\/velejar.org\\\/#\\\/schema\\\/person\\\/4affd8aff08f6b52366c8ea93c1eccd3\",\"name\":\"admvelej\",\"image\":{\"@type\":\"ImageObject\",\"inLanguage\":\"en-US\",\"@id\":\"https:\\\/\\\/secure.gravatar.com\\\/avatar\\\/2a7a2ec460e6a5e11d9e0c761f6bd6291dbfe71976e59a3ecb561f31c840e6de?s=96&d=mm&r=g\",\"url\":\"https:\\\/\\\/secure.gravatar.com\\\/avatar\\\/2a7a2ec460e6a5e11d9e0c761f6bd6291dbfe71976e59a3ecb561f31c840e6de?s=96&d=mm&r=g\",\"contentUrl\":\"https:\\\/\\\/secure.gravatar.com\\\/avatar\\\/2a7a2ec460e6a5e11d9e0c761f6bd6291dbfe71976e59a3ecb561f31c840e6de?s=96&d=mm&r=g\",\"caption\":\"admvelej\"},\"sameAs\":[\"http:\\\/\\\/velejar.net-br.net\"],\"url\":\"https:\\\/\\\/velejar.org\\\/en\\\/author\\\/admvelej\\\/\"}]}<\/script>\n<!-- \/ Yoast SEO plugin. -->","yoast_head_json":{"title":"Stage - 0 - Rescue Videos - Sailing","robots":{"index":"index","follow":"follow","max-snippet":"max-snippet:-1","max-image-preview":"max-image-preview:large","max-video-preview":"max-video-preview:-1"},"canonical":"https:\/\/velejar.org\/en\/videos\/etapa-1-videos-resgates\/445\/2021\/","og_locale":"en_US","og_type":"article","og_title":"Etapa - 0 - V\u00eddeos Resgates - Velejar","og_description":"V\u00eddeos de atividade de resgate durante a realiza\u00e7\u00e3o da primeira etapa do Projeto Velejar na Praia de Ponta de Matos no Mun\u00edcipio de Cabedelo.","og_url":"https:\/\/velejar.org\/en\/videos\/etapa-1-videos-resgates\/445\/2021\/","og_site_name":"Velejar","article_published_time":"2021-12-19T13:04:27+00:00","article_modified_time":"2021-12-22T14:58:34+00:00","og_image":[{"width":1062,"height":1416,"url":"https:\/\/velejar.org\/wp-content\/uploads\/2021\/12\/2-salve-velejar-etapa-1-dezembro-2021.jpeg","type":"image\/jpeg"}],"author":"admvelej","twitter_card":"summary_large_image","twitter_misc":{"Written by":"admvelej"},"schema":{"@context":"https:\/\/schema.org","@graph":[{"@type":"Article","@id":"https:\/\/velejar.org\/videos\/etapa-1-videos-resgates\/445\/2021\/#article","isPartOf":{"@id":"https:\/\/velejar.org\/videos\/etapa-1-videos-resgates\/445\/2021\/"},"author":{"name":"admvelej","@id":"https:\/\/velejar.org\/#\/schema\/person\/4affd8aff08f6b52366c8ea93c1eccd3"},"headline":"Etapa &#8211; 0 &#8211; V\u00eddeos Resgates","datePublished":"2021-12-19T13:04:27+00:00","dateModified":"2021-12-22T14:58:34+00:00","mainEntityOfPage":{"@id":"https:\/\/velejar.org\/videos\/etapa-1-videos-resgates\/445\/2021\/"},"wordCount":33,"commentCount":0,"publisher":{"@id":"https:\/\/velejar.org\/#organization"},"image":{"@id":"https:\/\/velejar.org\/videos\/etapa-1-videos-resgates\/445\/2021\/#primaryimage"},"thumbnailUrl":"https:\/\/velejar.org\/wp-content\/uploads\/2021\/12\/2-salve-velejar-etapa-1-dezembro-2021.jpeg","articleSection":["V\u00eddeos"],"inLanguage":"en-US","potentialAction":[{"@type":"CommentAction","name":"Comment","target":["https:\/\/velejar.org\/videos\/etapa-1-videos-resgates\/445\/2021\/#respond"]}]},{"@type":"WebPage","@id":"https:\/\/velejar.org\/videos\/etapa-1-videos-resgates\/445\/2021\/","url":"https:\/\/velejar.org\/videos\/etapa-1-videos-resgates\/445\/2021\/","name":"Stage - 0 - Rescue Videos - Sailing","isPartOf":{"@id":"https:\/\/velejar.org\/#website"},"primaryImageOfPage":{"@id":"https:\/\/velejar.org\/videos\/etapa-1-videos-resgates\/445\/2021\/#primaryimage"},"image":{"@id":"https:\/\/velejar.org\/videos\/etapa-1-videos-resgates\/445\/2021\/#primaryimage"},"thumbnailUrl":"https:\/\/velejar.org\/wp-content\/uploads\/2021\/12\/2-salve-velejar-etapa-1-dezembro-2021.jpeg","datePublished":"2021-12-19T13:04:27+00:00","dateModified":"2021-12-22T14:58:34+00:00","breadcrumb":{"@id":"https:\/\/velejar.org\/videos\/etapa-1-videos-resgates\/445\/2021\/#breadcrumb"},"inLanguage":"en-US","potentialAction":[{"@type":"ReadAction","target":["https:\/\/velejar.org\/videos\/etapa-1-videos-resgates\/445\/2021\/"]}]},{"@type":"ImageObject","inLanguage":"en-US","@id":"https:\/\/velejar.org\/videos\/etapa-1-videos-resgates\/445\/2021\/#primaryimage","url":"https:\/\/velejar.org\/wp-content\/uploads\/2021\/12\/2-salve-velejar-etapa-1-dezembro-2021.jpeg","contentUrl":"https:\/\/velejar.org\/wp-content\/uploads\/2021\/12\/2-salve-velejar-etapa-1-dezembro-2021.jpeg","width":1062,"height":1416},{"@type":"BreadcrumbList","@id":"https:\/\/velejar.org\/videos\/etapa-1-videos-resgates\/445\/2021\/#breadcrumb","itemListElement":[{"@type":"ListItem","position":1,"name":"In\u00edcio","item":"https:\/\/velejar.org\/"},{"@type":"ListItem","position":2,"name":"Etapa &#8211; 0 &#8211; V\u00eddeos Resgates"}]},{"@type":"WebSite","@id":"https:\/\/velejar.org\/#website","url":"https:\/\/velejar.org\/","name":"sail","description":"Sailing Vessel Championship","publisher":{"@id":"https:\/\/velejar.org\/#organization"},"potentialAction":[{"@type":"SearchAction","target":{"@type":"EntryPoint","urlTemplate":"https:\/\/velejar.org\/?s={search_term_string}"},"query-input":{"@type":"PropertyValueSpecification","valueRequired":true,"valueName":"search_term_string"}}],"inLanguage":"en-US"},{"@type":"Organization","@id":"https:\/\/velejar.org\/#organization","name":"Sailing Project","url":"https:\/\/velejar.org\/","logo":{"@type":"ImageObject","inLanguage":"en-US","@id":"https:\/\/velejar.org\/#\/schema\/logo\/image\/","url":"https:\/\/velejar.net-br.net\/wp-content\/uploads\/2021\/12\/velejar-projeto-ico.jpg","contentUrl":"https:\/\/velejar.net-br.net\/wp-content\/uploads\/2021\/12\/velejar-projeto-ico.jpg","width":143,"height":146,"caption":"Projeto Velejar"},"image":{"@id":"https:\/\/velejar.org\/#\/schema\/logo\/image\/"}},{"@type":"Person","@id":"https:\/\/velejar.org\/#\/schema\/person\/4affd8aff08f6b52366c8ea93c1eccd3","name":"admvelej","image":{"@type":"ImageObject","inLanguage":"en-US","@id":"https:\/\/secure.gravatar.com\/avatar\/2a7a2ec460e6a5e11d9e0c761f6bd6291dbfe71976e59a3ecb561f31c840e6de?s=96&d=mm&r=g","url":"https:\/\/secure.gravatar.com\/avatar\/2a7a2ec460e6a5e11d9e0c761f6bd6291dbfe71976e59a3ecb561f31c840e6de?s=96&d=mm&r=g","contentUrl":"https:\/\/secure.gravatar.com\/avatar\/2a7a2ec460e6a5e11d9e0c761f6bd6291dbfe71976e59a3ecb561f31c840e6de?s=96&d=mm&r=g","caption":"admvelej"},"sameAs":["http:\/\/velejar.net-br.net"],"url":"https:\/\/velejar.org\/en\/author\/admvelej\/"}]}},"_links":{"self":[{"href":"https:\/\/velejar.org\/en\/wp-json\/wp\/v2\/posts\/445","targetHints":{"allow":["GET"]}}],"collection":[{"href":"https:\/\/velejar.org\/en\/wp-json\/wp\/v2\/posts"}],"about":[{"href":"https:\/\/velejar.org\/en\/wp-json\/wp\/v2\/types\/post"}],"author":[{"embeddable":true,"href":"https:\/\/velejar.org\/en\/wp-json\/wp\/v2\/users\/1"}],"replies":[{"embeddable":true,"href":"https:\/\/velejar.org\/en\/wp-json\/wp\/v2\/comments?post=445"}],"version-history":[{"count":3,"href":"https:\/\/velejar.org\/en\/wp-json\/wp\/v2\/posts\/445\/revisions"}],"predecessor-version":[{"id":473,"href":"https:\/\/velejar.org\/en\/wp-json\/wp\/v2\/posts\/445\/revisions\/473"}],"wp:featuredmedia":[{"embeddable":true,"href":"https:\/\/velejar.org\/en\/wp-json\/wp\/v2\/media\/448"}],"wp:attachment":[{"href":"https:\/\/velejar.org\/en\/wp-json\/wp\/v2\/media?parent=445"}],"wp:term":[{"taxonomy":"category","embeddable":true,"href":"https:\/\/velejar.org\/en\/wp-json\/wp\/v2\/categories?post=445"},{"taxonomy":"post_tag","embeddable":true,"href":"https:\/\/velejar.org\/en\/wp-json\/wp\/v2\/tags?post=445"}],"curies":[{"name":"wp","href":"https:\/\/api.w.org\/{rel}","templated":true}]}}